{"id":983,"date":"2021-05-29T08:59:59","date_gmt":"2021-05-29T06:59:59","guid":{"rendered":"http:\/\/miodna.pl\/?p=983"},"modified":"2021-05-29T18:34:45","modified_gmt":"2021-05-29T16:34:45","slug":"walne-zebranie-czlonkow-29-05-2021","status":"publish","type":"post","link":"http:\/\/miodna.pl\/?p=983","title":{"rendered":"Walne zebranie cz\u0142onk\u00f3w 29-05-2021"},"content":{"rendered":"<p>LINK &#8211; usuni\u0119ty<\/p>\r\n<p><strong>Walne zebranie cz\u0142onk\u00f3w 29-05-2021 u Prezesa Baran\u00f3wek 37<\/strong><\/p>\r\n<!-- \/wp:post-content -->\r\n\r\n<!-- wp:paragraph -->\r\n<p>1 Rozpocz\u0119cie walnego zebrania cz\u0142onk\u00f3w<\/p>\r\n<!-- \/wp:paragraph -->\r\n\r\n<!-- wp:paragraph -->\r\n<p>2 wyb\u00f3r przewodnicz\u0105cego zebrania<\/p>\r\n<!-- \/wp:paragraph -->\r\n\r\n<!-- wp:paragraph -->\r\n<p>3 wyb\u00f3r protokolanta<\/p>\r\n<!-- \/wp:paragraph -->\r\n\r\n<!-- wp:paragraph -->\r\n<p>4 przedstawienie porz\u0105dku obrad g\u0142osowanie<\/p>\r\n<!-- \/wp:paragraph -->\r\n\r\n<!-- wp:paragraph -->\r\n<p>&#8211;To robili\u015bmy przez rok<\/p>\r\n<!-- \/wp:paragraph -->\r\n\r\n<!-- wp:paragraph \/-->\r\n\r\n<!-- wp:paragraph \/-->\r\n\r\n<!-- wp:paragraph \/-->\r\n\r\n<!-- wp:paragraph -->\r\n<p>targi pszczelarskie finansowanie stoisko dla cz\u0142onk\u00f3w<\/p>\r\n<!-- \/wp:paragraph -->\r\n\r\n<!-- wp:paragraph \/-->\r\n\r\n<!-- wp:paragraph \/-->\r\n\r\n<!-- wp:paragraph -->\r\n<p>odznaczenia<\/p>\r\n<!-- \/wp:paragraph -->\r\n\r\n<!-- wp:paragraph \/-->\r\n\r\n<!-- wp:paragraph -->\r\n<p>s\u0142oiki w zwi\u0105zku i inne artyku\u0142y<\/p>\r\n<p>wyb\u00f3r skarbnika<\/p>\r\n<!-- \/wp:paragraph -->\r\n\r\n<!-- wp:paragraph \/-->\r\n\r\n<!-- wp:paragraph -->\r\n<p>wyjazd za granic\u0119<\/p>\r\n<!-- \/wp:paragraph -->\r\n\r\n<!-- wp:paragraph \/-->\r\n\r\n<!-- wp:paragraph \/-->\r\n\r\n<!-- wp:paragraph -->\r\n<p>&nbsp;<\/p>\r\n<!-- \/wp:paragraph -->\r\n\r\n<!-- wp:paragraph -->\r\n<p>zawiadomienie do gminy odno\u015bnie pasiek ,druk ulotek na mi\u00f3d z w\u0142asnym nazwiskiem wolne wnioski<\/p>","protected":false},"excerpt":{"rendered":"<p>LINK &#8211; usuni\u0119ty Walne zebranie cz\u0142onk\u00f3w 29-05-2021 u Prezesa Baran\u00f3wek 37 1 Rozpocz\u0119cie walnego zebrania&#8230;<\/p>\n","protected":false},"author":1,"featured_media":0,"comment_status":"open","ping_status":"open","sticky":false,"template":"","format":"standard","meta":{"footnotes":""},"categories":[17,1],"tags":[],"class_list":["post-983","post","type-post","status-publish","format-standard","hentry","category-aktualnosci","category-bez-kategorii"],"jetpack_featured_media_url":"","_links":{"self":[{"href":"http:\/\/miodna.pl\/index.php?rest_route=\/wp\/v2\/posts\/983","targetHints":{"allow":["GET"]}}],"collection":[{"href":"http:\/\/miodna.pl\/index.php?rest_route=\/wp\/v2\/posts"}],"about":[{"href":"http:\/\/miodna.pl\/index.php?rest_route=\/wp\/v2\/types\/post"}],"author":[{"embeddable":true,"href":"http:\/\/miodna.pl\/index.php?rest_route=\/wp\/v2\/users\/1"}],"replies":[{"embeddable":true,"href":"http:\/\/miodna.pl\/index.php?rest_route=%2Fwp%2Fv2%2Fcomments&post=983"}],"version-history":[{"count":10,"href":"http:\/\/miodna.pl\/index.php?rest_route=\/wp\/v2\/posts\/983\/revisions"}],"predecessor-version":[{"id":995,"href":"http:\/\/miodna.pl\/index.php?rest_route=\/wp\/v2\/posts\/983\/revisions\/995"}],"wp:attachment":[{"href":"http:\/\/miodna.pl\/index.php?rest_route=%2Fwp%2Fv2%2Fmedia&parent=983"}],"wp:term":[{"taxonomy":"category","embeddable":true,"href":"http:\/\/miodna.pl\/index.php?rest_route=%2Fwp%2Fv2%2Fcategories&post=983"},{"taxonomy":"post_tag","embeddable":true,"href":"http:\/\/miodna.pl\/index.php?rest_route=%2Fwp%2Fv2%2Ftags&post=983"}],"curies":[{"name":"wp","href":"https:\/\/api.w.org\/{rel}","templated":true}]}}