{"id":942,"date":"2021-04-02T14:46:13","date_gmt":"2021-04-02T12:46:13","guid":{"rendered":"http:\/\/miodna.pl\/?p=942"},"modified":"2021-04-02T14:55:12","modified_gmt":"2021-04-02T12:55:12","slug":"rozdajemy-sadzonki-lipy-i-akacji","status":"publish","type":"post","link":"http:\/\/miodna.pl\/?p=942","title":{"rendered":"Rozdajemy sadzonki lipy i akacji"},"content":{"rendered":"<p><strong>Rozdajemy sadzonki lipy i akacji dla cz\u0142onk\u00f3w\u00a0 Stowarzyszenia miodna<\/strong><\/p>\n<p><strong>Od dnia 02-04-2021 r po 10 szt<\/strong><\/p>\n<p><strong>ODBI\u00d3R U PREZESA<br \/>\n<\/strong><\/p>\n<p>warunek op\u0142acone sk\u0142adki cz\u0142onkowskie<\/p>\n<p><strong><img loading=\"lazy\" decoding=\"async\" class=\"alignnone wp-image-946\" src=\"http:\/\/miodna.pl\/wp-content\/uploads\/2021\/04\/cropped-Screenshot-from-2019-05-07-21-50-11-1-1-300x300.png\" alt=\"\" width=\"309\" height=\"309\" srcset=\"http:\/\/miodna.pl\/wp-content\/uploads\/2021\/04\/cropped-Screenshot-from-2019-05-07-21-50-11-1-1-300x300.png 300w, http:\/\/miodna.pl\/wp-content\/uploads\/2021\/04\/cropped-Screenshot-from-2019-05-07-21-50-11-1-1-150x150.png 150w, http:\/\/miodna.pl\/wp-content\/uploads\/2021\/04\/cropped-Screenshot-from-2019-05-07-21-50-11-1-1-100x100.png 100w, http:\/\/miodna.pl\/wp-content\/uploads\/2021\/04\/cropped-Screenshot-from-2019-05-07-21-50-11-1-1.png 512w\" sizes=\"auto, (max-width: 309px) 100vw, 309px\" \/><\/strong><\/p>\n","protected":false},"excerpt":{"rendered":"<p>Rozdajemy sadzonki lipy i akacji dla cz\u0142onk\u00f3w\u00a0 Stowarzyszenia miodna Od dnia 02-04-2021 r po 10&#8230;<\/p>\n","protected":false},"author":1,"featured_media":404,"comment_status":"open","ping_status":"open","sticky":false,"template":"","format":"standard","meta":{"footnotes":""},"categories":[17,1],"tags":[],"class_list":["post-942","post","type-post","status-publish","format-standard","has-post-thumbnail","hentry","category-aktualnosci","category-bez-kategorii"],"jetpack_featured_media_url":"http:\/\/miodna.pl\/wp-content\/uploads\/2019\/11\/zochcinek-inauguracja-akcji-sadzenia-lip-w-powiecie-opatowskim-11-135624.jpg","_links":{"self":[{"href":"http:\/\/miodna.pl\/index.php?rest_route=\/wp\/v2\/posts\/942","targetHints":{"allow":["GET"]}}],"collection":[{"href":"http:\/\/miodna.pl\/index.php?rest_route=\/wp\/v2\/posts"}],"about":[{"href":"http:\/\/miodna.pl\/index.php?rest_route=\/wp\/v2\/types\/post"}],"author":[{"embeddable":true,"href":"http:\/\/miodna.pl\/index.php?rest_route=\/wp\/v2\/users\/1"}],"replies":[{"embeddable":true,"href":"http:\/\/miodna.pl\/index.php?rest_route=%2Fwp%2Fv2%2Fcomments&post=942"}],"version-history":[{"count":5,"href":"http:\/\/miodna.pl\/index.php?rest_route=\/wp\/v2\/posts\/942\/revisions"}],"predecessor-version":[{"id":948,"href":"http:\/\/miodna.pl\/index.php?rest_route=\/wp\/v2\/posts\/942\/revisions\/948"}],"wp:featuredmedia":[{"embeddable":true,"href":"http:\/\/miodna.pl\/index.php?rest_route=\/wp\/v2\/media\/404"}],"wp:attachment":[{"href":"http:\/\/miodna.pl\/index.php?rest_route=%2Fwp%2Fv2%2Fmedia&parent=942"}],"wp:term":[{"taxonomy":"category","embeddable":true,"href":"http:\/\/miodna.pl\/index.php?rest_route=%2Fwp%2Fv2%2Fcategories&post=942"},{"taxonomy":"post_tag","embeddable":true,"href":"http:\/\/miodna.pl\/index.php?rest_route=%2Fwp%2Fv2%2Ftags&post=942"}],"curies":[{"name":"wp","href":"https:\/\/api.w.org\/{rel}","templated":true}]}}