{"id":616,"date":"2020-03-23T08:31:21","date_gmt":"2020-03-23T07:31:21","guid":{"rendered":"http:\/\/miodna.pl\/?p=616"},"modified":"2020-03-23T08:34:29","modified_gmt":"2020-03-23T07:34:29","slug":"restrukturyzacja-malych-gospodarstw-od-31-marca-do-29-maja-2020-r","status":"publish","type":"post","link":"http:\/\/miodna.pl\/?p=616","title":{"rendered":"Restrukturyzacja ma\u0142ych gospodarstw\u201d od 31 marca do 29 maja 2020 r."},"content":{"rendered":"\n<p><a href=\"https:\/\/www.farmer.pl\/finanse\/dotacje-i-doplaty\/restrukturyzacja-malych-gospodarstw-od-31-marca-do-29-maja-2020-r,93130.html\"> Jak przypomina ARiMR w komunikacie,<\/a> <\/p>\n\n\n\n<p>o wsparcie finansowe mo\u017ce stara\u0107 si\u0119 rolnik posiadaj\u0105cy gospodarstwo \nobejmuj\u0105ce co najmniej 1 ha u\u017cytk\u00f3w rolnych lub nieruchomo\u015b\u0107 s\u0142u\u017c\u0105c\u0105 do \nprowadzenia produkcji w zakresie dzia\u0142\u00f3w specjalnych produkcji rolnej. \nWielko\u015b\u0107 ekonomiczna takiego gospodarstwa musi by\u0107 mniejsza ni\u017c 13 tys. \neuro.<\/p>\n\n\n\n<p>Wniosek mo\u017ce z\u0142o\u017cy\u0107 osoba zar\u00f3wno ubezpieczona w KRUS, jak i w ZUS. \nNie ma r\u00f3wnie\u017c zakazu jednoczesnego prowadzenia dzia\u0142alno\u015bci \ngospodarczej lub pracy na etacie. Pod jednym warunkiem &#8211; doch\u00f3d lub \nprzych\u00f3d z dzia\u0142alno\u015bci rolniczej musi stanowi\u0107 co najmniej 25 proc. \nca\u0142o\u015bci dochod\u00f3w lub przychod\u00f3w.<\/p>\n\n\n\n<p>O pomoc nie mog\u0105 ubiega\u0107 si\u0119 osoby, kt\u00f3rym wyp\u0142acono pomoc finansow\u0105 z\n nast\u0119puj\u0105cych program\u00f3w wsparcia: &#8222;U\u0142atwianie startu m\u0142odym rolnikom&#8221;, \n&#8222;Modernizacja gospodarstw rolnych&#8221;, &#8222;R\u00f3\u017cnicowanie w kierunku \ndzia\u0142alno\u015bci nierolniczej&#8221;, &#8222;Wdra\u017canie lokalnych strategii rozwoju&#8221; \nobj\u0119tych PROW 2007-2013, a tak\u017ce &#8222;Modernizacja gospodarstw rolnych&#8221;; \n&#8222;Premia na rozpocz\u0119cie dzia\u0142alno\u015bci pozarolniczej&#8221;, &#8222;Premie dla m\u0142odych \nrolnik\u00f3w&#8221; w ramach PROW 2014-2020.<\/p>\n\n\n\n<p><\/p>\n","protected":false},"excerpt":{"rendered":"<p>Jak przypomina ARiMR w komunikacie, o wsparcie finansowe mo\u017ce stara\u0107 si\u0119 rolnik posiadaj\u0105cy gospodarstwo obejmuj\u0105ce&#8230;<\/p>\n","protected":false},"author":1,"featured_media":0,"comment_status":"open","ping_status":"open","sticky":true,"template":"","format":"standard","meta":{"footnotes":""},"categories":[1],"tags":[],"class_list":["post-616","post","type-post","status-publish","format-standard","hentry","category-bez-kategorii"],"jetpack_featured_media_url":"","_links":{"self":[{"href":"http:\/\/miodna.pl\/index.php?rest_route=\/wp\/v2\/posts\/616","targetHints":{"allow":["GET"]}}],"collection":[{"href":"http:\/\/miodna.pl\/index.php?rest_route=\/wp\/v2\/posts"}],"about":[{"href":"http:\/\/miodna.pl\/index.php?rest_route=\/wp\/v2\/types\/post"}],"author":[{"embeddable":true,"href":"http:\/\/miodna.pl\/index.php?rest_route=\/wp\/v2\/users\/1"}],"replies":[{"embeddable":true,"href":"http:\/\/miodna.pl\/index.php?rest_route=%2Fwp%2Fv2%2Fcomments&post=616"}],"version-history":[{"count":2,"href":"http:\/\/miodna.pl\/index.php?rest_route=\/wp\/v2\/posts\/616\/revisions"}],"predecessor-version":[{"id":618,"href":"http:\/\/miodna.pl\/index.php?rest_route=\/wp\/v2\/posts\/616\/revisions\/618"}],"wp:attachment":[{"href":"http:\/\/miodna.pl\/index.php?rest_route=%2Fwp%2Fv2%2Fmedia&parent=616"}],"wp:term":[{"taxonomy":"category","embeddable":true,"href":"http:\/\/miodna.pl\/index.php?rest_route=%2Fwp%2Fv2%2Fcategories&post=616"},{"taxonomy":"post_tag","embeddable":true,"href":"http:\/\/miodna.pl\/index.php?rest_route=%2Fwp%2Fv2%2Ftags&post=616"}],"curies":[{"name":"wp","href":"https:\/\/api.w.org\/{rel}","templated":true}]}}