{"id":1518,"date":"2024-08-07T21:23:28","date_gmt":"2024-08-07T19:23:28","guid":{"rendered":"http:\/\/miodna.pl\/?p=1518"},"modified":"2024-08-07T21:26:15","modified_gmt":"2024-08-07T19:26:15","slug":"xvii-swietokrzyskie-swieto-pszczoly-w-baltowie-2024","status":"publish","type":"post","link":"http:\/\/miodna.pl\/?p=1518","title":{"rendered":"XVII \u015awi\u0119tokrzyskie \u015awi\u0119to Pszczo\u0142y w Ba\u0142towie 2024"},"content":{"rendered":"<h1 class=\"entry-title single-title\">XVII \u015awi\u0119tokrzyskie \u015awi\u0119to Pszczo\u0142y w Ba\u0142towie<\/h1>\n<p><strong>6-18 sierpnia| Ba\u0142t\u00f3w, zapraszamy po raz kolejny na \u015awi\u0119to Pszczo\u0142y do Ba\u0142towa. Na zainteresowanych czekaj\u0105 targi, konferencja oraz warsztaty edukacyjne. Nie zabraknie wsp\u00f3lnych pie\u015bni i zabaw!<\/strong><\/p>\n<p>&nbsp;<\/p>\n<h2>XVII \u015awi\u0119tokrzyskie \u015awi\u0119to Pszczo\u0142y w Ba\u0142towie<\/h2>\n<h4>GDZIE?<\/h4>\n<p>Ba\u0142towska Okr\u0119glica<\/p>\n<h4>KIEDY?<\/h4>\n<p>16-18 sierpnia 2024 r.<\/p>\n<p>Zapraszamy wszystkich zainteresowanych rol\u0105 pszcz\u00f3\u0142 w naszym \u017cyciu. Przed Pa\u0144stwem wyk\u0142ady na temat w\u0142a\u015bciwo\u015bci produkt\u00f3w pszczelich, aktualnych problemach, z jakimi borykaj\u0105 si\u0119 pszczelarze. Podczas sobotniego spotkania dowiecie si\u0119 tak\u017ce, jak ogromny potencja\u0142 posiadaj\u0105 produkty pszczele w walce z nowotworem.<\/p>\n<p><strong>Konferencja odb\u0119dzie si\u0119 w Zaje\u017adzie Przystocze.<\/strong><\/p>\n<p>W niedziel\u0119 zapraszamy do wsp\u00f3lnej zabawy. Na Ba\u0142towskiej Okr\u0119glicy odb\u0119d\u0105 si\u0119 wyst\u0119py artystyczne zespo\u0142\u00f3w ludowych. Orkiestry D\u0119tej z Sienna.<\/p>\n<p>Przez 3 dni b\u0119dzie mo\u017cna zakupi\u0107 tak\u017ce wiele produkt\u00f3w pszczelich oraz wzi\u0105\u0107 udzia\u0142 w warsztatach pszczelarskich, edukacyjnych i artystycznych.<\/p>\n","protected":false},"excerpt":{"rendered":"<p>XVII \u015awi\u0119tokrzyskie \u015awi\u0119to Pszczo\u0142y w Ba\u0142towie 6-18 sierpnia| Ba\u0142t\u00f3w, zapraszamy po raz kolejny na \u015awi\u0119to&#8230;<\/p>\n","protected":false},"author":1,"featured_media":1520,"comment_status":"open","ping_status":"open","sticky":false,"template":"","format":"standard","meta":{"footnotes":""},"categories":[17,1],"tags":[],"class_list":["post-1518","post","type-post","status-publish","format-standard","has-post-thumbnail","hentry","category-aktualnosci","category-bez-kategorii"],"jetpack_featured_media_url":"http:\/\/miodna.pl\/wp-content\/uploads\/2024\/08\/swietokrzykie-swieto-pszczoly.jpg","_links":{"self":[{"href":"http:\/\/miodna.pl\/index.php?rest_route=\/wp\/v2\/posts\/1518","targetHints":{"allow":["GET"]}}],"collection":[{"href":"http:\/\/miodna.pl\/index.php?rest_route=\/wp\/v2\/posts"}],"about":[{"href":"http:\/\/miodna.pl\/index.php?rest_route=\/wp\/v2\/types\/post"}],"author":[{"embeddable":true,"href":"http:\/\/miodna.pl\/index.php?rest_route=\/wp\/v2\/users\/1"}],"replies":[{"embeddable":true,"href":"http:\/\/miodna.pl\/index.php?rest_route=%2Fwp%2Fv2%2Fcomments&post=1518"}],"version-history":[{"count":1,"href":"http:\/\/miodna.pl\/index.php?rest_route=\/wp\/v2\/posts\/1518\/revisions"}],"predecessor-version":[{"id":1519,"href":"http:\/\/miodna.pl\/index.php?rest_route=\/wp\/v2\/posts\/1518\/revisions\/1519"}],"wp:featuredmedia":[{"embeddable":true,"href":"http:\/\/miodna.pl\/index.php?rest_route=\/wp\/v2\/media\/1520"}],"wp:attachment":[{"href":"http:\/\/miodna.pl\/index.php?rest_route=%2Fwp%2Fv2%2Fmedia&parent=1518"}],"wp:term":[{"taxonomy":"category","embeddable":true,"href":"http:\/\/miodna.pl\/index.php?rest_route=%2Fwp%2Fv2%2Fcategories&post=1518"},{"taxonomy":"post_tag","embeddable":true,"href":"http:\/\/miodna.pl\/index.php?rest_route=%2Fwp%2Fv2%2Ftags&post=1518"}],"curies":[{"name":"wp","href":"https:\/\/api.w.org\/{rel}","templated":true}]}}