{"id":1474,"date":"2024-03-10T11:16:04","date_gmt":"2024-03-10T10:16:04","guid":{"rendered":"http:\/\/miodna.pl\/?p=1474"},"modified":"2024-03-10T11:19:55","modified_gmt":"2024-03-10T10:19:55","slug":"walne-zebranie-czlonkow-17-03-2024-godz-14","status":"publish","type":"post","link":"http:\/\/miodna.pl\/?p=1474","title":{"rendered":"Walne zebranie cz\u0142onk\u00f3w 17.03.2024 godz 14"},"content":{"rendered":"<p>Walne zebranie cz\u0142onk\u00f3w 17.03.2024 godz 14 ul.Koprenika 36 Opat\u00f3w<\/p>\n<p>Zaproszenie<\/p>\n<p>Zarz\u0105d G\u0142\u00f3wny Stowarzyszenia Pszczelarzy MIODNA<\/p>\n<p>Serdecznie zapraszam\u00a0 na Walny Zjazd Delegat\u00f3w, delegat\u00f3w cz\u0142onk\u00f3w zwyczajnych SPM<br \/>\nZjazd odb\u0119dzie si\u0119 w dniu 17.03.2024r. o godz: 14:00 w m. OPAT\u00d3W ul.KOPERNIKA 36, 27-500 OPAT\u00d3W.<br \/>\nDrugi termin Walnego Zjazdu Delegat\u00f3w ustala si\u0119 na 17.03.2024 godz. 14:30.<br \/>\nPrzed Walnym Zjazdem Delegat\u00f3w odb\u0119dzie si\u0119 posiedzenie Zarz\u0105du G\u0142\u00f3wnego , ok. godz.13:30 w dniu 17.03.2024 . Serdecznie zapraszamy cz\u0142onk\u00f3w Zarz\u0105du.<\/p>\n<p>Porz\u0105dek obrad:<\/p>\n<p>Przywitanie i otwarcie Walnego Zjazdu Delegat\u00f3w- Cz\u0142onk\u00f3w Zwyczajnych.<br \/>\nWyb\u00f3r przewodnicz\u0105cego Walnego Zjazdu Delegat\u00f3w, protokolanta,<br \/>\nPrzyj\u0119cie porz\u0105dku obrad,<br \/>\nStwierdzenie kworum,<br \/>\nPrzyj\u0119cie regulaminu obrad Walnego Zjazdu Delegat\u00f3w,<br \/>\nWyb\u00f3r Komisji uchwa\u0142 i wniosk\u00f3w, komisji mandatowo-skrutacyjnej,<br \/>\nSprawozdanie Komisji Rewizyjnej,, Zarz\u0105du G\u0142\u00f3wnego z dzia\u0142alno\u015bci za okres 2023 r.<br \/>\nZatwierdzenie lub odrzucenie sprawozda\u0144 poszczeg\u00f3lnych organ\u00f3w,<br \/>\nZatwierdzenie lub odrzucenie sprawozdania finansowego za 2023r,<br \/>\nPrzerwa na kaw\u0119 i ciasto<br \/>\nPodj\u0119cie uchwa\u0142y o udzieleniu absolutorium dla Zarz\u0105du G\u0142\u00f3wnego.<br \/>\nOm\u00f3wienie zmian , ewentualne ich zatwierdzenie.<br \/>\nPowo\u0142anie-wyb\u00f3r nowego cz\u0142onk\u00f3w Zarz\u0105du G\u0142ownego, Prezesa Zwi\u0105zku,<br \/>\nDyskusja nad uchwa\u0142ami programowymi (, ustalenie kierunk\u00f3w dzia\u0142a\u0144 ).<br \/>\nPodj\u0119cie uchwa\u0142 programowych.<br \/>\nPrzedstawienie projektu pozosta\u0142ych uchwa\u0142, dyskusja nad nimi,<br \/>\nPodj\u0119cie uchwa\u0142,<br \/>\nWolne wnioski,<br \/>\nZako\u0144czenie Walnego Zebrania.<\/p>\n<p>Na Walny Zjazd Delegat\u00f3w, ka\u017cdy delegat powinien posiada\u0107 aktualne upowa\u017cnienie organizacji &#8211; cz\u0142onka zwyczajnego, do jej reprezentacji, kt\u00f3re nale\u017cy okaza\u0107 wraz z dowodem to\u017csamo\u015bci, aby uzyska\u0107 mandat delegata. Wz\u00f3r upowa\u017cnienia zosta\u0142 podany w korespondencji( nale\u017cy poda\u0107 pesel i zgod\u0119 na jego przetwarzanie do cel\u00f3w s\u0142u\u017cbowych).<br \/>\nO\u015bwiadczenie o nast\u0119puj\u0105cej tre\u015bci:<br \/>\nwyra\u017cam zgod\u0119 na przetwarzanie moich danych osobowych dla potrzeb niezb\u0119dnych do realizacji procesu rejestracji w KRS,<\/p>\n<p>Z wyrazami szacunku:<\/p>\n<p>Prezes Zwi\u0105zku<\/p>\n<p>\u2026\u2026\u2026\u2026\u2026\u2026\u2026\u2026\u2026\u2026\u2026\u2026\u2026\u2026\u2026..<\/p>\n","protected":false},"excerpt":{"rendered":"<p>Walne zebranie cz\u0142onk\u00f3w 17.03.2024 godz 14 ul.Koprenika 36 Opat\u00f3w Zaproszenie Zarz\u0105d G\u0142\u00f3wny Stowarzyszenia Pszczelarzy MIODNA&#8230;<\/p>\n","protected":false},"author":1,"featured_media":1104,"comment_status":"open","ping_status":"open","sticky":false,"template":"","format":"standard","meta":{"footnotes":""},"categories":[17,1],"tags":[],"class_list":["post-1474","post","type-post","status-publish","format-standard","has-post-thumbnail","hentry","category-aktualnosci","category-bez-kategorii"],"jetpack_featured_media_url":"http:\/\/miodna.pl\/wp-content\/uploads\/2021\/07\/217650961_145818324321718_5926863080247918459_n.jpg","_links":{"self":[{"href":"http:\/\/miodna.pl\/index.php?rest_route=\/wp\/v2\/posts\/1474","targetHints":{"allow":["GET"]}}],"collection":[{"href":"http:\/\/miodna.pl\/index.php?rest_route=\/wp\/v2\/posts"}],"about":[{"href":"http:\/\/miodna.pl\/index.php?rest_route=\/wp\/v2\/types\/post"}],"author":[{"embeddable":true,"href":"http:\/\/miodna.pl\/index.php?rest_route=\/wp\/v2\/users\/1"}],"replies":[{"embeddable":true,"href":"http:\/\/miodna.pl\/index.php?rest_route=%2Fwp%2Fv2%2Fcomments&post=1474"}],"version-history":[{"count":3,"href":"http:\/\/miodna.pl\/index.php?rest_route=\/wp\/v2\/posts\/1474\/revisions"}],"predecessor-version":[{"id":1477,"href":"http:\/\/miodna.pl\/index.php?rest_route=\/wp\/v2\/posts\/1474\/revisions\/1477"}],"wp:featuredmedia":[{"embeddable":true,"href":"http:\/\/miodna.pl\/index.php?rest_route=\/wp\/v2\/media\/1104"}],"wp:attachment":[{"href":"http:\/\/miodna.pl\/index.php?rest_route=%2Fwp%2Fv2%2Fmedia&parent=1474"}],"wp:term":[{"taxonomy":"category","embeddable":true,"href":"http:\/\/miodna.pl\/index.php?rest_route=%2Fwp%2Fv2%2Fcategories&post=1474"},{"taxonomy":"post_tag","embeddable":true,"href":"http:\/\/miodna.pl\/index.php?rest_route=%2Fwp%2Fv2%2Ftags&post=1474"}],"curies":[{"name":"wp","href":"https:\/\/api.w.org\/{rel}","templated":true}]}}