{"id":1119,"date":"2021-08-18T20:44:51","date_gmt":"2021-08-18T18:44:51","guid":{"rendered":"http:\/\/miodna.pl\/?p=1119"},"modified":"2021-08-18T20:46:54","modified_gmt":"2021-08-18T18:46:54","slug":"swieto-pszczoly-baltow-2021","status":"publish","type":"post","link":"http:\/\/miodna.pl\/?p=1119","title":{"rendered":"\u015awi\u0119to Pszczo\u0142y BA\u0141T\u00d3W 2021"},"content":{"rendered":"<h2>Harmonogram wydarzenia<\/h2>\n<p><b>PI\u0104TEK 20 sierpnia<\/b><br \/>\n13:00 \u2013 Oficjalne otwarcie \u015awi\u0119tokrzyskiego \u015awi\u0119ta Pszczo\u0142y<br \/>\n13:00 \u2013 17:00 \u2013 targi i wystawy sprz\u0119tu pszczelarskiego i produkt\u00f3w pszczelich<\/p>\n<p>&nbsp;<\/p>\n<p><b>SOBOTA 21 sierpnia<\/b><\/p>\n<p>7:30 \u2013 17:00 \u2013 targi i wystawy sprz\u0119tu pszczelarskiego i produkt\u00f3w pszczelich<br \/>\n10:00 \u2013 17:00 \u2013 strefa warsztat\u00f3w pszczelarskich, r\u0119kodzielniczych i artystycznych<br \/>\n10:00 \u2013 14:00 \u2013 Konferencja Pszczelarska \u201eZajazd Przystocze\u201d<\/p>\n<p>Wyk\u0142ady poprowadz\u0105:<\/p>\n<ul>\n<li>dr hab. Aneta Strachecka prof. Uniwersytet Przyrodniczy w Lublinie \u201eMechanizmy odporno\u015bci pszcz\u00f3\u0142\u201d<\/li>\n<li>prof. dr hab. Jerzy Demetraki \u2013 Paleolog \u2013 \u201eGdy coraz trudniej uzyska\u0107 mi\u00f3d \u2013 potrzeba profesjonalizacji gospodarki pasiecznej\u201d<\/li>\n<li>dr Ewa Wa\u015b \u2013 \u201eCo z jako\u015bci\u0105 wosku pszczelego\u201d<\/li>\n<li>prof. dr hab. Marian Surowiec \u2013 \u201eUltrad\u017awi\u0119kowe zwalczanie Varroa destructor\u201d<\/li>\n<\/ul>\n<p>14:00 \u2013 15:15 \u2013 wyst\u0119py zespo\u0142\u00f3w ludowych: \u201eBa\u0142towianie\u201d, \u201eBiesiada\u201d<\/p>\n<p>15:30 \u2013 17:30 \u2013 wyst\u0119p zespo\u0142u METRUM<\/p>\n<p>17:30 \u2013 18:00 \u2013 muzyka na \u017cywo, DJ<\/p>\n<p>18:00 \u2013 zako\u0144czenie drugiego dnia \u201e\u015awi\u0119ta Pszczo\u0142y\u201d<\/p>\n<p>&nbsp;<\/p>\n<p><b>NIEDZIELA 22 sierpnia<\/b><\/p>\n<p>8:00 \u2013 16:00 \u2013 targi i wystawy sprz\u0119tu pszczelarskiego i produkt\u00f3w pszczelich<\/p>\n<p>10:00 \u2013 17:00 \u2013 strefa warsztat\u00f3w pszczelarskich, r\u0119kodzielniczych i artystycznych<\/p>\n<p>10:00 \u2013 Msza \u015awi\u0119ta w ko\u015bciele parafialnym pw. Matki Bo\u017cej Bolesnej w Ba\u0142towie w intencji pszczelarzy<\/p>\n<p>10:50 \u2013 Przemarsz poczt\u00f3w sztandarowych na ba\u0142towsk\u0105 \u201eOkr\u0119glic\u0119\u201d<\/p>\n<p>11:30 \u2013 Powitanie zaproszonych go\u015bci, wr\u0119czanie wyr\u00f3\u017cnie\u0144, przem\u00f3wienia, pasowanie m\u0142odych pszczelarzy na bartnik\u00f3w \u015bwi\u0119tokrzyskich<\/p>\n<p>12:30 \u2013 Oficjalne rozstrzygni\u0119cie konkursu plastycznego \u201ePszczo\u0142y \u2013 Nasze \u017bycie\u201d, wr\u0119czanie wyr\u00f3\u017cnie\u0144<\/p>\n<p>13:00 \u2013 14:00 Wyst\u0119p M\u0142odzie\u017cowej Orkiestry D\u0119tej z Szastarki<\/p>\n<p>14:00 \u2013 16:00 \u2013 muzyka na \u017cywo, DJ<\/p>\n<p>16:00 \u2013 Koncert zespo\u0142u \u201eMilano\u201d<\/p>\n<p>18:00 \u2013 zako\u0144czenie \u201e\u015awi\u0119ta Pszczo\u0142y\u201d<\/p>\n","protected":false},"excerpt":{"rendered":"<p>Harmonogram wydarzenia PI\u0104TEK 20 sierpnia 13:00 \u2013 Oficjalne otwarcie \u015awi\u0119tokrzyskiego \u015awi\u0119ta Pszczo\u0142y 13:00 \u2013 17:00&#8230;<\/p>\n","protected":false},"author":1,"featured_media":1121,"comment_status":"open","ping_status":"open","sticky":false,"template":"","format":"standard","meta":{"footnotes":""},"categories":[17,1],"tags":[],"class_list":["post-1119","post","type-post","status-publish","format-standard","has-post-thumbnail","hentry","category-aktualnosci","category-bez-kategorii"],"jetpack_featured_media_url":"http:\/\/miodna.pl\/wp-content\/uploads\/2021\/08\/Swieto-Pszczoly-wydarzenie.jpg.webp","_links":{"self":[{"href":"http:\/\/miodna.pl\/index.php?rest_route=\/wp\/v2\/posts\/1119","targetHints":{"allow":["GET"]}}],"collection":[{"href":"http:\/\/miodna.pl\/index.php?rest_route=\/wp\/v2\/posts"}],"about":[{"href":"http:\/\/miodna.pl\/index.php?rest_route=\/wp\/v2\/types\/post"}],"author":[{"embeddable":true,"href":"http:\/\/miodna.pl\/index.php?rest_route=\/wp\/v2\/users\/1"}],"replies":[{"embeddable":true,"href":"http:\/\/miodna.pl\/index.php?rest_route=%2Fwp%2Fv2%2Fcomments&post=1119"}],"version-history":[{"count":1,"href":"http:\/\/miodna.pl\/index.php?rest_route=\/wp\/v2\/posts\/1119\/revisions"}],"predecessor-version":[{"id":1120,"href":"http:\/\/miodna.pl\/index.php?rest_route=\/wp\/v2\/posts\/1119\/revisions\/1120"}],"wp:featuredmedia":[{"embeddable":true,"href":"http:\/\/miodna.pl\/index.php?rest_route=\/wp\/v2\/media\/1121"}],"wp:attachment":[{"href":"http:\/\/miodna.pl\/index.php?rest_route=%2Fwp%2Fv2%2Fmedia&parent=1119"}],"wp:term":[{"taxonomy":"category","embeddable":true,"href":"http:\/\/miodna.pl\/index.php?rest_route=%2Fwp%2Fv2%2Fcategories&post=1119"},{"taxonomy":"post_tag","embeddable":true,"href":"http:\/\/miodna.pl\/index.php?rest_route=%2Fwp%2Fv2%2Ftags&post=1119"}],"curies":[{"name":"wp","href":"https:\/\/api.w.org\/{rel}","templated":true}]}}